{"id":12857,"date":"2021-05-11T12:54:02","date_gmt":"2021-05-11T10:54:02","guid":{"rendered":"https:\/\/www.ci-romero.de\/es\/?p=12857"},"modified":"2021-05-11T13:52:30","modified_gmt":"2021-05-11T11:52:30","slug":"ddhh-honduras-cdm","status":"publish","type":"post","link":"https:\/\/www.ci-romero.de\/es\/ddhh-honduras-cdm\/","title":{"rendered":"Fortalecimiento de los derechos humanos en Honduras. \u00a1Promover la sociedad civil!"},"content":{"rendered":"<div class=\"wpb-content-wrapper\">[vc_row css=\u00bb.vc_custom_1522059164899{background-image: url(https:\/\/www.ci-romero.de\/es\/wp-content\/uploads\/2018\/03\/slider-bg-kritischer-konsum.jpg?id=361) !important;background-position: center !important;background-repeat: no-repeat !important;background-size: cover !important;}\u00bb el_class=\u00bbslider slider_kritischerkonsum center\u00bb][vc_column][vc_row_inner el_class=\u00bbinner\u00bb][vc_column_inner css=\u00bb.vc_custom_1521541984338{margin-top: 60px !important;}\u00bb][vc_column_text el_class=\u00bbwhite\u00bb]<\/p>\n<h1>\u201cLo que buscan aqu\u00ed es tener una ciudadan\u00eda callada, sumisa con miedo.\u201d<\/h1>\n<p><em>Eddy T\u00e1bora, Director de C-Libre, en una entrevista con Radio Progreso<\/em>[\/vc_column_text][\/vc_column_inner][\/vc_row_inner][\/vc_column][\/vc_row][vc_row][vc_column width=\u00bb1\/6&#8243; offset=\u00bbvc_hidden-sm vc_hidden-xs\u00bb][\/vc_column][vc_column offset=\u00bbvc_col-lg-8 vc_col-md-8&#8243;][vc_row_inner el_class=\u00bbcenter\u00bb][vc_column_inner width=\u00bb1\/6&#8243; offset=\u00bbvc_hidden-xs\u00bb][vc_single_image source=\u00bbexternal_link\u00bb alignment=\u00bbright\u00bb css_animation=\u00bbfadeInLeft\u00bb css=\u00bb.vc_custom_1521552268141{margin-top: -20px !important;}\u00bb custom_src=\u00bbhttps:\/\/www.ci-romero.de\/es\/wp-content\/themes\/FGR\/_img\/illu-pflanze.jpg\u00bb][\/vc_column_inner][vc_column_inner width=\u00bb2\/3&#8243; offset=\u00bbvc_col-lg-8 vc_col-md-8 vc_col-xs-12&#8243;][vc_column_text]<\/p>\n<h2>Fortalecimiento de los derechos humanos en Honduras. \u00a1Promover la sociedad civil!<\/h2>\n<p>[\/vc_column_text][vc_column_text el_class=\u00bbteaser\u00bb]Centro de Derechos de Mujeres \u2013 CDM[\/vc_column_text][\/vc_column_inner][vc_column_inner width=\u00bb1\/6&#8243; offset=\u00bbvc_hidden-xs\u00bb][\/vc_column_inner][\/vc_row_inner][\/vc_column][vc_column width=\u00bb1\/6&#8243; offset=\u00bbvc_hidden-sm vc_hidden-xs\u00bb][\/vc_column][\/vc_row][vc_row css=\u00bb.vc_custom_1521624325980{background-image: url(https:\/\/www.ci-romero.de\/es\/wp-content\/uploads\/2018\/03\/illu-background-beige.jpg?id=386) !important;background-position: 0 0 !important;background-repeat: no-repeat !important;}\u00bb el_class=\u00bbprojekt_beschreibung\u00bb][vc_column width=\u00bb1\/6&#8243; offset=\u00bbvc_hidden-sm vc_hidden-xs\u00bb][\/vc_column][vc_column el_class=\u00bbtransparenz\u00bb css=\u00bb.vc_custom_1522157704565{padding-top: 40px !important;}\u00bb offset=\u00bbvc_col-lg-8 vc_col-md-8&#8243;][vc_row_inner][vc_column_inner][vc_column_text el_class=\u00bbcenter\u00bb]<\/p>\n<h5>El proyecto<\/h5>\n<p>[\/vc_column_text][\/vc_column_inner][\/vc_row_inner][vc_row_inner gap=\u00bb35&#8243;][vc_column_inner el_class=\u00bbsticky\u00bb width=\u00bb1\/2&#8243; css=\u00bb.vc_custom_1522157708509{margin-top: 20px !important;}\u00bb][vc_single_image image=\u00bb12858&#8243; img_size=\u00bbfull\u00bb add_caption=\u00bbyes\u00bb][vc_column_text el_class=\u00bbcenter\u00bb]<\/p>\n<p class=\"sansserif\"><strong>\u00a1Contribuye al trabajo de CDM en su compromiso con Rapcos para fortalecer la libertad de prensa y la libertad de expresi\u00f3n en Honduras<\/strong><strong>!<\/strong><br \/>\n[\/vc_column_text][vc_column_text el_class=\u00bbcenter\u00bb]<a class=\"btn_red\" href=\"https:\/\/www.ci-romero.de\/es\/donacion\/\">Donar ahora!<\/a>[\/vc_column_text][\/vc_column_inner][vc_column_inner el_class=\u00bbscala\u00bb width=\u00bb1\/2&#8243;][vc_column_text]Honduras se encuentra en una crisis pol\u00edtica desde muchos a\u00f1os. El gobierno trata de fundamentar su legitimidad, que nunca ha recibido de la poblaci\u00f3n hondure\u00f1a, con violencia y represiones. El derecho a la libertad de expresi\u00f3n esta violado sistematicamente. Especialmente ambientalistas y periodistas est\u00e1n cada vez m\u00e1s expuestos a la violencia en su trabajo. El aumento de la corrupci\u00f3n en el pa\u00eds causa la impunidad de violaciones de los derechos humanos. Adem\u00e1s se criminaliza estrat\u00e9gicamente a las defensores de los derechos humanos como forma de represi\u00f3n.<\/p>\n<h6>De que se trata el proyecto?<\/h6>\n<p>Los socios del proyecto se comprometen a hacer visibles las violaciones del Estado de Derecho y de la democracia. Para eso se van a realizar y publicar investigaciones. Campa\u00f1as p\u00fablicas tambi\u00e9n forman parte del proyecto, sensibilizan a la poblaci\u00f3n sobre el Estado de Derecho y ejercen presi\u00f3n sobre los responsables de la opini\u00f3n y la toma de decisiones en las instituciones del Estado.<\/p>\n<p>Se realizar\u00e1 talleres para Periodistas y Defensoras de los derechos humanos para informarlos sobre su derecho a la libertad de expresi\u00f3n y aprender los mecanismos de protecci\u00f3n y las estrategias para frentar riesgos. En un pa\u00eds como Honduras su trabajo es peligroso y su seguridad est\u00e1 en alto riesgo cuando sus reportajes ara\u00f1an la imagen de los poderosos.<\/p>\n<p>Un instrumento especial del proyecto es la plataforma digital \u00abRapcos\u00bb, que defiende la libertad de expresi\u00f3n y apoya a los periodistas y comunicadores sociales en casos de riesgo. Si los periodistas son amenazados, f\u00edsica- o verbalmente, Rapcos llama la atenci\u00f3n sobre los casos con la mayor rapidez posible y genera una cierta protecci\u00f3n para los afectados al crear publicidad.[\/vc_column_text][\/vc_column_inner][\/vc_row_inner][\/vc_column][vc_column width=\u00bb1\/6&#8243; offset=\u00bbvc_hidden-sm vc_hidden-xs\u00bb][\/vc_column][\/vc_row][vc_row el_class=\u00bbwidth_full sticky_stopper\u00bb][vc_column width=\u00bb1\/2&#8243; css=\u00bb.vc_custom_1528978295418{margin-top: -130px !important;}\u00bb offset=\u00bbvc_hidden-sm vc_hidden-xs\u00bb][vc_single_image source=\u00bbexternal_link\u00bb alignment=\u00bbright\u00bb css_animation=\u00bbfadeInLeft\u00bb custom_src=\u00bbhttps:\/\/www.ci-romero.de\/es\/wp-content\/themes\/FGR\/_img\/illu-feld-bauer.png\u00bb][\/vc_column][vc_column width=\u00bb1\/2&#8243; offset=\u00bbvc_hidden-sm vc_hidden-xs\u00bb][\/vc_column][\/vc_row][vc_row el_class=\u00bbprojekt_galerie\u00bb][vc_column width=\u00bb1\/2&#8243;][vc_row_inner][vc_column_inner][vc_single_image image=\u00bb3046&#8243; img_size=\u00bbfull\u00bb alignment=\u00bbcenter\u00bb onclick=\u00bblink_image\u00bb][\/vc_column_inner][\/vc_row_inner][vc_row_inner][vc_column_inner width=\u00bb1\/2&#8243;][vc_single_image image=\u00bb1920&#8243; img_size=\u00bbfull\u00bb alignment=\u00bbcenter\u00bb onclick=\u00bblink_image\u00bb][\/vc_column_inner][vc_column_inner width=\u00bb1\/2&#8243;][vc_single_image image=\u00bb1918&#8243; img_size=\u00bbfull\u00bb alignment=\u00bbcenter\u00bb onclick=\u00bblink_image\u00bb][\/vc_column_inner][\/vc_row_inner][\/vc_column][vc_column width=\u00bb1\/2&#8243;][vc_row_inner][vc_column_inner width=\u00bb1\/2&#8243;][vc_single_image image=\u00bb1923&#8243; img_size=\u00bbfull\u00bb alignment=\u00bbcenter\u00bb onclick=\u00bblink_image\u00bb][\/vc_column_inner][vc_column_inner width=\u00bb1\/2&#8243;][vc_single_image image=\u00bb1921&#8243; img_size=\u00bbfull\u00bb alignment=\u00bbcenter\u00bb onclick=\u00bblink_image\u00bb][\/vc_column_inner][\/vc_row_inner][vc_row_inner][vc_column_inner][vc_single_image image=\u00bb3048&#8243; img_size=\u00bbfull\u00bb alignment=\u00bbcenter\u00bb onclick=\u00bblink_image\u00bb][\/vc_column_inner][\/vc_row_inner][\/vc_column][\/vc_row][vc_row css=\u00bb.vc_custom_1522667263997{margin-top: 40px !important;}\u00bb][vc_column width=\u00bb1\/6&#8243; offset=\u00bbvc_hidden-sm vc_hidden-xs\u00bb][\/vc_column][vc_column offset=\u00bbvc_col-lg-8 vc_col-md-8&#8243;][vc_row_inner][vc_column_inner css=\u00bb.vc_custom_1530179994925{margin-top: -50px !important;}\u00bb][vc_column_text el_class=\u00bbcenter\u00bb]<\/p>\n<p style=\"text-align: center;\"><small>Fotos: CDM<br \/>\n<\/small><br \/>\n[\/vc_column_text][\/vc_column_inner][\/vc_row_inner][vc_empty_space height=\u00bb50px\u00bb][vc_row_inner][vc_column_inner width=\u00bb1\/2&#8243;][vc_empty_space height=\u00bb28px\u00bb][vc_empty_space height=\u00bb28px\u00bb][vc_empty_space height=\u00bb28px\u00bb][vc_single_image image=\u00bb1924&#8243; img_size=\u00bbfull\u00bb alignment=\u00bbcenter\u00bb onclick=\u00bbcustom_link\u00bb img_link_target=\u00bb_blank\u00bb link=\u00bbhttps:\/\/www.facebook.com\/emih.laboral?hc_ref=ARRi66sqWGN7FAzvxxhz_8JNj24p4XL_-cdvgkligD9zFKBB5_MhSvAU_9aDTMTTGHE&amp;fref=nf\u00bb][\/vc_column_inner][vc_column_inner width=\u00bb1\/2&#8243;][vc_column_text]El <a href=\"https:\/\/www.ci-romero.de\/es\/cdm\/\">CDM<\/a> es una organizaci\u00f3n feminista, aut\u00f3noma, cr\u00edtica, propositiva, que promueve el fortalecimiento de la autonom\u00eda, la justicia, el ejercicio y el goce de los derechos, la ciudadan\u00eda y la igualdad de g\u00e9nero para la mujer.<\/p>\n<p>En este proyecto CDM trabaja junto con <a href=\"http:\/\/www.clibrehonduras.com\/\" target=\"_blank\" rel=\"noopener\">C-Libre<\/a> (Comit\u00e9 por la Libertad de Expresi\u00f3n) y <a href=\"https:\/\/juecesporlademocracia.org\/\" target=\"_blank\" rel=\"noopener\">AJD<\/a> (Asociaci\u00f3n de Jueces por la Democracia). Con estas dos organizaci\u00f3nes CDM ya colabora en la Coalici\u00f3n contra la Impunidad, que es la plataforma civil mas grande en Honduras.[\/vc_column_text][\/vc_column_inner][\/vc_row_inner][vc_empty_space height=\u00bb50px\u00bb][\/vc_column][vc_column width=\u00bb1\/6&#8243; offset=\u00bbvc_hidden-sm vc_hidden-xs\u00bb][\/vc_column][\/vc_row][vc_row css=\u00bb.vc_custom_1522667263997{margin-top: 40px !important;}\u00bb][vc_column width=\u00bb1\/6&#8243; offset=\u00bbvc_hidden-sm vc_hidden-xs\u00bb][\/vc_column][vc_column offset=\u00bbvc_col-lg-8 vc_col-md-8&#8243;][vc_column_text el_class=\u00bbcenter\u00bb]<\/p>\n<div class=\"shariff shariff-align-center shariff-widget-align-left\" style=\"display:none\" data-services=\"facebook\" data-url=\"https:\/\/www.ci-romero.de\/es\/ddhh-honduras-cdm\/\" data-timestamp=\"1620741150\" data-backendurl=\"https:\/\/www.ci-romero.de\/es\/wp-json\/shariff\/v1\/share_counts?\">\n<div class=\"ShariffHeadline\">\n<p>Beitrag jetzt teilen:<\/p>\n<\/div>\n<ul class=\"shariff-buttons theme-round orientation-horizontal buttonsize-medium\">\n<li class=\"shariff-button linkedin shariff-nocustomcolor\" style=\"background-color:#1488bf\"><a href=\"https:\/\/www.linkedin.com\/sharing\/share-offsite\/?url=https%3A%2F%2Fwww.ci-romero.de%2Fes%2Fddhh-honduras-cdm%2F\" title=\"Bei LinkedIn teilen\" aria-label=\"Bei LinkedIn teilen\" role=\"button\" rel=\"noopener nofollow\" class=\"shariff-link\" style=\"; background-color:#0077b5; color:#fff\" target=\"_blank\"><span class=\"shariff-icon\" style=\"\"><svg width=\"32px\" height=\"20px\" xmlns=\"http:\/\/www.w3.org\/2000\/svg\" viewBox=\"0 0 27 32\"><path fill=\"#0077b5\" d=\"M6.2 11.2v17.7h-5.9v-17.7h5.9zM6.6 5.7q0 1.3-0.9 2.2t-2.4 0.9h0q-1.5 0-2.4-0.9t-0.9-2.2 0.9-2.2 2.4-0.9 2.4 0.9 0.9 2.2zM27.4 18.7v10.1h-5.9v-9.5q0-1.9-0.7-2.9t-2.3-1.1q-1.1 0-1.9 0.6t-1.2 1.5q-0.2 0.5-0.2 1.4v9.9h-5.9q0-7.1 0-11.6t0-5.3l0-0.9h5.9v2.6h0q0.4-0.6 0.7-1t1-0.9 1.6-0.8 2-0.3q3 0 4.9 2t1.9 6z\"\/><\/svg><\/span><\/a><\/li>\n<li class=\"shariff-button twitter shariff-nocustomcolor\" style=\"background-color:#595959\"><a href=\"https:\/\/twitter.com\/share?url=https%3A%2F%2Fwww.ci-romero.de%2Fes%2Fddhh-honduras-cdm%2F&text=Fortalecimiento%20de%20los%20derechos%20humanos%20en%20Honduras.%20%C2%A1Promover%20la%20sociedad%20civil%21\" title=\"Bei X teilen\" aria-label=\"Bei X teilen\" role=\"button\" rel=\"noopener nofollow\" class=\"shariff-link\" style=\"; background-color:#000; color:#fff\" target=\"_blank\"><span class=\"shariff-icon\" style=\"\"><svg width=\"32px\" height=\"20px\" xmlns=\"http:\/\/www.w3.org\/2000\/svg\" viewBox=\"0 0 24 24\"><path fill=\"#000\" d=\"M14.258 10.152L23.176 0h-2.113l-7.747 8.813L7.133 0H0l9.352 13.328L0 23.973h2.113l8.176-9.309 6.531 9.309h7.133zm-2.895 3.293l-.949-1.328L2.875 1.56h3.246l6.086 8.523.945 1.328 7.91 11.078h-3.246zm0 0\"\/><\/svg><\/span><\/a><\/li>\n<li class=\"shariff-button facebook shariff-nocustomcolor\" style=\"background-color:#4273c8\"><a href=\"https:\/\/www.facebook.com\/sharer\/sharer.php?u=https%3A%2F%2Fwww.ci-romero.de%2Fes%2Fddhh-honduras-cdm%2F\" title=\"Bei Facebook teilen\" aria-label=\"Bei Facebook teilen\" role=\"button\" rel=\"nofollow\" class=\"shariff-link\" style=\"; background-color:#3b5998; color:#fff\" target=\"_blank\"><span class=\"shariff-icon\" style=\"\"><svg width=\"32px\" height=\"20px\" xmlns=\"http:\/\/www.w3.org\/2000\/svg\" viewBox=\"0 0 18 32\"><path fill=\"#3b5998\" d=\"M17.1 0.2v4.7h-2.8q-1.5 0-2.1 0.6t-0.5 1.9v3.4h5.2l-0.7 5.3h-4.5v13.6h-5.5v-13.6h-4.5v-5.3h4.5v-3.9q0-3.3 1.9-5.2t5-1.8q2.6 0 4.1 0.2z\"\/><\/svg><\/span><\/a><\/li>\n<li class=\"shariff-button xing shariff-nocustomcolor\" style=\"background-color:#29888a\"><a href=\"https:\/\/www.xing.com\/spi\/shares\/new?url=https%3A%2F%2Fwww.ci-romero.de%2Fes%2Fddhh-honduras-cdm%2F\" title=\"Bei XING teilen\" aria-label=\"Bei XING teilen\" role=\"button\" rel=\"noopener nofollow\" class=\"shariff-link\" style=\"; background-color:#126567; color:#fff\" target=\"_blank\"><span class=\"shariff-icon\" style=\"\"><svg width=\"32px\" height=\"20px\" xmlns=\"http:\/\/www.w3.org\/2000\/svg\" viewBox=\"0 0 25 32\"><path fill=\"#126567\" d=\"M10.7 11.9q-0.2 0.3-4.6 8.2-0.5 0.8-1.2 0.8h-4.3q-0.4 0-0.5-0.3t0-0.6l4.5-8q0 0 0 0l-2.9-5q-0.2-0.4 0-0.7 0.2-0.3 0.5-0.3h4.3q0.7 0 1.2 0.8zM25.1 0.4q0.2 0.3 0 0.7l-9.4 16.7 6 11q0.2 0.4 0 0.6-0.2 0.3-0.6 0.3h-4.3q-0.7 0-1.2-0.8l-6-11.1q0.3-0.6 9.5-16.8 0.4-0.8 1.2-0.8h4.3q0.4 0 0.5 0.3z\"\/><\/svg><\/span><\/a><\/li>\n<li class=\"shariff-button mailto shariff-nocustomcolor\" style=\"background-color:#a8a8a8\"><a href=\"mailto:?body=https%3A%2F%2Fwww.ci-romero.de%2Fes%2Fddhh-honduras-cdm%2F&subject=Fortalecimiento%20de%20los%20derechos%20humanos%20en%20Honduras.%20%C2%A1Promover%20la%20sociedad%20civil%21\" title=\"Per E-Mail versenden\" aria-label=\"Per E-Mail versenden\" role=\"button\" rel=\"noopener nofollow\" class=\"shariff-link\" style=\"; background-color:#999; color:#fff\"><span class=\"shariff-icon\" style=\"\"><svg width=\"32px\" height=\"20px\" xmlns=\"http:\/\/www.w3.org\/2000\/svg\" viewBox=\"0 0 32 32\"><path fill=\"#999\" d=\"M32 12.7v14.2q0 1.2-0.8 2t-2 0.9h-26.3q-1.2 0-2-0.9t-0.8-2v-14.2q0.8 0.9 1.8 1.6 6.5 4.4 8.9 6.1 1 0.8 1.6 1.2t1.7 0.9 2 0.4h0.1q0.9 0 2-0.4t1.7-0.9 1.6-1.2q3-2.2 8.9-6.1 1-0.7 1.8-1.6zM32 7.4q0 1.4-0.9 2.7t-2.2 2.2q-6.7 4.7-8.4 5.8-0.2 0.1-0.7 0.5t-1 0.7-0.9 0.6-1.1 0.5-0.9 0.2h-0.1q-0.4 0-0.9-0.2t-1.1-0.5-0.9-0.6-1-0.7-0.7-0.5q-1.6-1.1-4.7-3.2t-3.6-2.6q-1.1-0.7-2.1-2t-1-2.5q0-1.4 0.7-2.3t2.1-0.9h26.3q1.2 0 2 0.8t0.9 2z\"\/><\/svg><\/span><\/a><\/li>\n<li class=\"shariff-button whatsapp shariff-nocustomcolor\" style=\"background-color:#5cbe4a\"><a href=\"https:\/\/api.whatsapp.com\/send?text=https%3A%2F%2Fwww.ci-romero.de%2Fes%2Fddhh-honduras-cdm%2F%20Fortalecimiento%20de%20los%20derechos%20humanos%20en%20Honduras.%20%C2%A1Promover%20la%20sociedad%20civil%21\" title=\"Bei Whatsapp teilen\" aria-label=\"Bei Whatsapp teilen\" role=\"button\" rel=\"noopener nofollow\" class=\"shariff-link\" style=\"; background-color:#34af23; color:#fff\" target=\"_blank\"><span class=\"shariff-icon\" style=\"\"><svg width=\"32px\" height=\"20px\" xmlns=\"http:\/\/www.w3.org\/2000\/svg\" viewBox=\"0 0 32 32\"><path fill=\"#34af23\" d=\"M17.6 17.4q0.2 0 1.7 0.8t1.6 0.9q0 0.1 0 0.3 0 0.6-0.3 1.4-0.3 0.7-1.3 1.2t-1.8 0.5q-1 0-3.4-1.1-1.7-0.8-3-2.1t-2.6-3.3q-1.3-1.9-1.3-3.5v-0.1q0.1-1.6 1.3-2.8 0.4-0.4 0.9-0.4 0.1 0 0.3 0t0.3 0q0.3 0 0.5 0.1t0.3 0.5q0.1 0.4 0.6 1.6t0.4 1.3q0 0.4-0.6 1t-0.6 0.8q0 0.1 0.1 0.3 0.6 1.3 1.8 2.4 1 0.9 2.7 1.8 0.2 0.1 0.4 0.1 0.3 0 1-0.9t0.9-0.9zM14 26.9q2.3 0 4.3-0.9t3.6-2.4 2.4-3.6 0.9-4.3-0.9-4.3-2.4-3.6-3.6-2.4-4.3-0.9-4.3 0.9-3.6 2.4-2.4 3.6-0.9 4.3q0 3.6 2.1 6.6l-1.4 4.2 4.3-1.4q2.8 1.9 6.2 1.9zM14 2.2q2.7 0 5.2 1.1t4.3 2.9 2.9 4.3 1.1 5.2-1.1 5.2-2.9 4.3-4.3 2.9-5.2 1.1q-3.5 0-6.5-1.7l-7.4 2.4 2.4-7.2q-1.9-3.2-1.9-6.9 0-2.7 1.1-5.2t2.9-4.3 4.3-2.9 5.2-1.1z\"\/><\/svg><\/span><\/a><\/li>\n<li class=\"shariff-button telegram shariff-nocustomcolor\" style=\"background-color:#4084A6\"><a href=\"https:\/\/telegram.me\/share\/url?url=https%3A%2F%2Fwww.ci-romero.de%2Fes%2Fddhh-honduras-cdm%2F&text=Fortalecimiento%20de%20los%20derechos%20humanos%20en%20Honduras.%20%C2%A1Promover%20la%20sociedad%20civil%21\" title=\"Bei Telegram teilen\" aria-label=\"Bei Telegram teilen\" role=\"button\" rel=\"noopener nofollow\" class=\"shariff-link\" style=\"; background-color:#0088cc; color:#fff\" target=\"_blank\"><span class=\"shariff-icon\" style=\"\"><svg width=\"32px\" height=\"20px\" xmlns=\"http:\/\/www.w3.org\/2000\/svg\" viewBox=\"0 0 32 32\"><path fill=\"#0088cc\" d=\"M30.8 6.5l-4.5 21.4c-.3 1.5-1.2 1.9-2.5 1.2L16.9 24l-3.3 3.2c-.4.4-.7.7-1.4.7l.5-7L25.5 9.2c.6-.5-.1-.8-.9-.3l-15.8 10L2 16.7c-1.5-.5-1.5-1.5.3-2.2L28.9 4.3c1.3-.5 2.3.3 1.9 2.2z\"\/><\/svg><\/span><\/a><\/li>\n<li class=\"shariff-button threema shariff-nocustomcolor shariff-mobile\" style=\"background-color:#4fbc24\"><a href=\"threema:\/\/compose?text=Fortalecimiento%20de%20los%20derechos%20humanos%20en%20Honduras.%20%C2%A1Promover%20la%20sociedad%20civil%21%20https%3A%2F%2Fwww.ci-romero.de%2Fes%2Fddhh-honduras-cdm%2F\" title=\"Bei Threema teilen\" aria-label=\"Bei Threema teilen\" role=\"button\" rel=\"noopener nofollow\" class=\"shariff-link\" style=\"; background-color:#1f1f1f; color:#fff\" target=\"_blank\"><span class=\"shariff-icon\" style=\"\"><svg width=\"32px\" height=\"20px\" xmlns=\"http:\/\/www.w3.org\/2000\/svg\" viewBox=\"0 0 32 32\"><path fill=\"#1f1f1f\" d=\"M30.8 10.9c-0.3-1.4-0.9-2.6-1.8-3.8-2-2.6-5.5-4.5-9.4-5.2-1.3-0.2-1.9-0.3-3.5-0.3s-2.2 0-3.5 0.3c-4 0.7-7.4 2.6-9.4 5.2-0.9 1.2-1.5 2.4-1.8 3.8-0.1 0.5-0.2 1.2-0.2 1.6 0 0.4 0.1 1.1 0.2 1.6 0.4 1.9 1.3 3.4 2.9 5 0.8 0.8 0.8 0.8 0.7 1.3 0 0.6-0.5 1.6-1.7 3.6-0.3 0.5-0.5 0.9-0.5 0.9 0 0.1 0.1 0.1 0.5 0 0.8-0.2 2.3-0.6 5.6-1.6 1.1-0.3 1.3-0.4 2.3-0.4 0.8 0 1.1 0 2.3 0.2 1.5 0.2 3.5 0.2 4.9 0 5.1-0.6 9.3-2.9 11.4-6.3 0.5-0.9 0.9-1.8 1.1-2.8 0.1-0.5 0.2-1.1 0.2-1.6 0-0.7-0.1-1.1-0.2-1.6-0.3-1.4 0.1 0.5 0 0zM20.6 17.3c0 0.4-0.4 0.8-0.8 0.8h-7.7c-0.4 0-0.8-0.4-0.8-0.8v-4.6c0-0.4 0.4-0.8 0.8-0.8h0.2l0-1.6c0-0.9 0-1.8 0.1-2 0.1-0.6 0.6-1.2 1.1-1.7s1.1-0.7 1.9-0.8c1.8-0.3 3.7 0.7 4.2 2.2 0.1 0.3 0.1 0.7 0.1 2.1v0 1.7h0.1c0.4 0 0.8 0.4 0.8 0.8v4.6zM15.6 7.3c-0.5 0.1-0.8 0.3-1.2 0.6s-0.6 0.8-0.7 1.3c0 0.2 0 0.8 0 1.5l0 1.2h4.6v-1.3c0-1 0-1.4-0.1-1.6-0.3-1.1-1.5-1.9-2.6-1.7zM25.8 28.2c0 1.2-1 2.2-2.1 2.2s-2.1-1-2.1-2.1c0-1.2 1-2.1 2.2-2.1s2.2 1 2.2 2.2zM18.1 28.2c0 1.2-1 2.2-2.1 2.2s-2.1-1-2.1-2.1c0-1.2 1-2.1 2.2-2.1s2.2 1 2.2 2.2zM10.4 28.2c0 1.2-1 2.2-2.1 2.2s-2.1-1-2.1-2.1c0-1.2 1-2.1 2.2-2.1s2.2 1 2.2 2.2z\"\/><\/svg><\/span><\/a><\/li>\n<\/ul>\n<\/div>\n<p>[\/vc_column_text][\/vc_column][vc_column width=\u00bb1\/6&#8243; offset=\u00bbvc_hidden-sm vc_hidden-xs\u00bb][\/vc_column][\/vc_row][vc_row][vc_column][vc_empty_space height=\u00bb50px\u00bb][vc_empty_space][\/vc_column][\/vc_row][vc_row css=\u00bb.vc_custom_1526636642372{margin-top: 85px !important;margin-bottom: 0px !important;padding-bottom: 0px !important;background-image: url(https:\/\/www.ci-romero.de\/es\/wp-content\/uploads\/2018\/04\/Spendenbox-CIR-1.jpg?id=2108) !important;background-position: center !important;background-repeat: no-repeat !important;background-size: contain !important;}\u00bb el_class=\u00bbspendenbox\u00bb][vc_column width=\u00bb1\/12&#8243;][\/vc_column][vc_column width=\u00bb5\/6&#8243;][vc_row_inner content_placement=\u00bbmiddle\u00bb css=\u00bb.vc_custom_1526636585883{margin-right: 1px !important;margin-left: 1px !important;background-position: center !important;background-repeat: no-repeat !important;background-size: cover !important;}\u00bb][vc_column_inner css=\u00bb.vc_custom_1521138814166{padding-right: 6px !important;padding-left: 6px !important;}\u00bb][vc_column_text css=\u00bb.vc_custom_1620720424415{padding-top: 25px !important;padding-bottom: 30px !important;}\u00bb el_class=\u00bbcenter\u00bb]<\/p>\n<h3>Apoyo al Centro de Derechos de Mujeres en el fortalecimiento de Derechos Humanos en Honduras<\/h3>\n<p>[\/vc_column_text][\/vc_column_inner][\/vc_row_inner][vc_row_inner css=\u00bb.vc_custom_1526647084432{margin-top: 32px !important;}\u00bb][vc_column_inner width=\u00bb1\/3&#8243;][vc_column_text el_class=\u00bbcenter siegel-box\u00bb]<\/p>\n<p style=\"text-align: right;\"><a href=\"http:\/\/www.dzi.de\/spenderberatung\/datenbanksuchmaske\/suchergebnisse\/?11261\"><img loading=\"lazy\" decoding=\"async\" class=\"alignright size-full wp-image-1039\" style=\"float: right; margin-left: 10px;\" src=\"https:\/\/www.ci-romero.de\/es\/wp-content\/uploads\/2018\/03\/dzi-spendensiegel.png\" alt=\"DZI Spendensiegel\" width=\"55\" height=\"84\" \/><small>La fundaci\u00f3n DZI certifica a la CIR un manejo responsable con los fondos donados.<\/small><\/a><br \/>\n[\/vc_column_text][\/vc_column_inner][vc_column_inner width=\u00bb1\/3&#8243;][vc_column_text el_class=\u00bbcenter\u00bb]<small><\/small><\/p>\n<p>[\/vc_column_text][vc_column_text el_class=\u00bbcenter\u00bb]<a class=\"btn_red\" href=\"https:\/\/www.ci-romero.de\/es\/donacion\/\">Donar ahora<\/a>[\/vc_column_text][\/vc_column_inner][vc_column_inner width=\u00bb1\/3&#8243;][vc_column_text el_class=\u00bbcenter\u00bb]<\/p>\n<p>[\/vc_column_text][vc_column_text]<\/p>\n<p class=\"center\"><a class=\"btn_petrol\" href=\"https:\/\/www.ci-romero.de\/es\/donacion\/\">Donar recurrentemente<\/a><br \/>\n[\/vc_column_text][\/vc_column_inner][\/vc_row_inner][\/vc_column][vc_column width=\u00bb1\/12&#8243;][\/vc_column][\/vc_row][vc_row css=\u00bb.vc_custom_1620729819403{margin-top: 10px !important;}\u00bb][vc_column width=\u00bb1\/6&#8243; offset=\u00bbvc_hidden-sm vc_hidden-xs\u00bb][\/vc_column][vc_column offset=\u00bbvc_col-lg-8 vc_col-md-8&#8243;][vc_row_inner content_placement=\u00bbmiddle\u00bb css=\u00bb.vc_custom_1620729836481{padding-top: 20px !important;padding-bottom: 20px !important;background-image: url(https:\/\/www.ci-romero.de\/es\/wp-content\/uploads\/2018\/03\/illu-aquagelb.png?id=192) !important;background-position: center !important;background-repeat: no-repeat !important;background-size: contain !important;}\u00bb][vc_column_inner width=\u00bb1\/6&#8243; offset=\u00bbvc_col-lg-2 vc_col-md-2 vc_hidden-sm vc_hidden-xs\u00bb][\/vc_column_inner][vc_column_inner width=\u00bb1\/6&#8243; offset=\u00bbvc_col-lg-2 vc_col-md-2 vc_hidden-sm vc_hidden-xs\u00bb][\/vc_column_inner][vc_column_inner width=\u00bb1\/2&#8243; offset=\u00bbvc_col-lg-2 vc_col-md-2 vc_col-xs-6&#8243;][vc_single_image image=\u00bb9756&#8243; img_size=\u00bb142&#215;142&#8243; alignment=\u00bbright\u00bb][\/vc_column_inner][vc_column_inner el_class=\u00bbansprechpartner\u00bb width=\u00bb1\/2&#8243; offset=\u00bbvc_col-lg-6 vc_col-md-6 vc_col-xs-6&#8243;][vc_column_text]<strong>Para m\u00e1s informaci\u00f3n contacte a:<\/strong><\/p>\n<p class=\"small\"><a href=\"https:\/\/www.ci-romero.de\/es\/ueber-uns\/team\">Kirsten Clodius<\/a><br \/>\n<em><span lang=\"ES-EC\">Responsable de proyectos (Honduras, Mujeres, Derechos Humanos, Trabajo Digno, LGBTI*)<\/span><\/em><br \/>\n<a href=\"javascript:linkTo_UnCryptMailto('Y2xvZGl1c0BjaS1yb21lcm8uZGU=');\">clodius<span style=\"display: none;\">noSpam<\/span>@ci-romero.de<\/a><br \/>\nTel\u00e9fono: (+49) 251 &#8211; 674413-18<br \/>\n[\/vc_column_text][\/vc_column_inner][\/vc_row_inner][\/vc_column][vc_column width=\u00bb1\/6&#8243; offset=\u00bbvc_hidden-sm vc_hidden-xs\u00bb][\/vc_column][\/vc_row][vc_row css=\u00bb.vc_custom_1522077550122{background-image: url(https:\/\/www.ci-romero.de\/es\/wp-content\/uploads\/2018\/03\/illu-background-blau.jpg?id=665) !important;background-position: center !important;background-repeat: no-repeat !important;background-size: cover !important;}\u00bb][vc_column width=\u00bb1\/6&#8243; offset=\u00bbvc_hidden-sm vc_hidden-xs\u00bb][\/vc_column][vc_column offset=\u00bbvc_col-lg-8 vc_col-md-8&#8243;][vc_empty_space height=\u00bb128px\u00bb][vc_row_inner][vc_column_inner el_class=\u00bbcenter\u00bb][vc_column_text]<\/p>\n<h3>Nuestras copartes<\/h3>\n<p>Con estas organizaciones trabajamos sobre el tema \u00bbDemocracia y Derecho\u00bb[\/vc_column_text][\/vc_column_inner][\/vc_row_inner][vc_row_inner gap=\u00bb20&#8243; css=\u00bb.vc_custom_1522079241581{margin-bottom: -40px !important;}\u00bb][vc_column_inner el_class=\u00bbgrid2er-horizontal\u00bb css=\u00bb.vc_custom_1522076759424{margin-top: 0px !important;}\u00bb offset=\u00bbvc_col-xs-12&#8243;][vc_basic_grid post_type=\u00bbpost\u00bb max_items=\u00bb2&#8243; element_width=\u00bb6&#8243; gap=\u00bb20&#8243; orderby=\u00bbrand\u00bb item=\u00bb669&#8243; initial_loading_animation=\u00bbnone\u00bb grid_id=\u00bbvc_gid:1620729751058-3f707fc1-90b3-5&#8243; taxonomies=\u00bb126&#8243;][\/vc_column_inner][\/vc_row_inner][vc_row_inner][vc_column_inner css=\u00bb.vc_custom_1522079327542{margin-top: -60px !important;margin-bottom: 50px !important;}\u00bb][vc_column_text el_class=\u00bbcenter\u00bb]<a class=\"btn_black\" href=\"https:\/\/www.ci-romero.de\/es\/tag\/partner-wuerdige-arbeit\/\">Mostrar todos<\/a>[\/vc_column_text][\/vc_column_inner][\/vc_row_inner][vc_row_inner][vc_column_inner el_class=\u00bbcenter\u00bb][vc_column_text]<\/p>\n<h3>Nuestras copartes<\/h3>\n<p>Con estas organizaciones trabajamos en Honduras[\/vc_column_text][\/vc_column_inner][\/vc_row_inner][vc_row_inner gap=\u00bb20&#8243; css=\u00bb.vc_custom_1522079241581{margin-bottom: -40px !important;}\u00bb][vc_column_inner el_class=\u00bbgrid2er-horizontal\u00bb css=\u00bb.vc_custom_1522076759424{margin-top: 0px !important;}\u00bb offset=\u00bbvc_col-xs-12&#8243;][vc_basic_grid post_type=\u00bbpost\u00bb max_items=\u00bb2&#8243; element_width=\u00bb6&#8243; gap=\u00bb20&#8243; orderby=\u00bbrand\u00bb item=\u00bb669&#8243; initial_loading_animation=\u00bbnone\u00bb grid_id=\u00bbvc_gid:1620729751059-16e2f135-bcba-0&#8243; taxonomies=\u00bb117&#8243;][\/vc_column_inner][\/vc_row_inner][vc_row_inner][vc_column_inner css=\u00bb.vc_custom_1522079327542{margin-top: -60px !important;margin-bottom: 50px !important;}\u00bb][vc_column_text el_class=\u00bbcenter\u00bb]<a class=\"btn_black\" href=\"https:\/\/www.ci-romero.de\/es\/tag\/partner-honduras\/\">Mostrar todos<\/a>[\/vc_column_text][\/vc_column_inner][\/vc_row_inner][\/vc_column][vc_column width=\u00bb1\/6&#8243; offset=\u00bbvc_hidden-sm vc_hidden-xs\u00bb][\/vc_column][\/vc_row]<\/div>\n","protected":false},"excerpt":{"rendered":"<p>El CDM es una organizaci\u00f3n feminista, aut\u00f3noma, cr\u00edtica, propositiva, que promueve el fortalecimiento de la autonom\u00eda, la justicia, el ejercicio y el goce de los derechos, la ciudadan\u00eda y la igualdad de g\u00e9nero para las mujeres.<\/p>\n","protected":false},"author":121,"featured_media":12859,"comment_status":"open","ping_status":"open","sticky":false,"template":"","format":"standard","meta":{"_acf_changed":false,"footnotes":""},"categories":[6,24],"tags":[117],"class_list":["post-12857","post","type-post","status-publish","format-standard","has-post-thumbnail","hentry","category-derechos-humanos","category-honduras","tag-partner-honduras"],"acf":[],"yoast_head":"<!-- This site is optimized with the Yoast SEO plugin v27.4 - https:\/\/yoast.com\/product\/yoast-seo-wordpress\/ -->\n<title>Fortalecimiento de los derechos humanos en Honduras. \u00a1Promover la sociedad civil! - Christliche Initiative Romero e.V. (CIR)<\/title>\n<meta name=\"description\" content=\"El Centro de Mujeres CDM apoya la sociedad civil de Honduras para realizar la libertad de prensa y expresi\u00f3n.\" \/>\n<meta name=\"robots\" content=\"index, follow, max-snippet:-1, max-image-preview:large, max-video-preview:-1\" \/>\n<link rel=\"canonical\" href=\"https:\/\/www.ci-romero.de\/es\/ddhh-honduras-cdm\/\" \/>\n<meta property=\"og:locale\" content=\"es_ES\" \/>\n<meta property=\"og:type\" content=\"article\" \/>\n<meta property=\"og:title\" content=\"Fortalecimiento de los derechos humanos en Honduras. \u00a1Promover la sociedad civil! - Christliche Initiative Romero e.V. (CIR)\" \/>\n<meta property=\"og:description\" content=\"El Centro de Mujeres CDM apoya la sociedad civil de Honduras para realizar la libertad de prensa y expresi\u00f3n.\" \/>\n<meta property=\"og:url\" content=\"https:\/\/www.ci-romero.de\/es\/ddhh-honduras-cdm\/\" \/>\n<meta property=\"og:site_name\" content=\"Christliche Initiative Romero e.V. (CIR)\" \/>\n<meta property=\"article:published_time\" content=\"2021-05-11T10:54:02+00:00\" \/>\n<meta property=\"article:modified_time\" content=\"2021-05-11T11:52:30+00:00\" \/>\n<meta property=\"og:image\" content=\"https:\/\/www.ci-romero.de\/es\/wp-content\/uploads\/2021\/05\/Rapcos_Nuevo-002-1.jpg\" \/>\n\t<meta property=\"og:image:width\" content=\"350\" \/>\n\t<meta property=\"og:image:height\" content=\"415\" \/>\n\t<meta property=\"og:image:type\" content=\"image\/jpeg\" \/>\n<meta name=\"author\" content=\"Miriam Instenberg\" \/>\n<meta name=\"twitter:card\" content=\"summary_large_image\" \/>\n<meta name=\"twitter:label1\" content=\"Escrito por\" \/>\n\t<meta name=\"twitter:data1\" content=\"Miriam Instenberg\" \/>\n\t<meta name=\"twitter:label2\" content=\"Tiempo de lectura\" \/>\n\t<meta name=\"twitter:data2\" content=\"4 minutos\" \/>\n<script type=\"application\/ld+json\" class=\"yoast-schema-graph\">{\"@context\":\"https:\\\/\\\/schema.org\",\"@graph\":[{\"@type\":\"Article\",\"@id\":\"https:\\\/\\\/www.ci-romero.de\\\/es\\\/ddhh-honduras-cdm\\\/#article\",\"isPartOf\":{\"@id\":\"https:\\\/\\\/www.ci-romero.de\\\/es\\\/ddhh-honduras-cdm\\\/\"},\"author\":{\"name\":\"Miriam Instenberg\",\"@id\":\"https:\\\/\\\/www.ci-romero.de\\\/es\\\/#\\\/schema\\\/person\\\/452b484dad935df417598b9eeba91039\"},\"headline\":\"Fortalecimiento de los derechos humanos en Honduras. \u00a1Promover la sociedad civil!\",\"datePublished\":\"2021-05-11T10:54:02+00:00\",\"dateModified\":\"2021-05-11T11:52:30+00:00\",\"mainEntityOfPage\":{\"@id\":\"https:\\\/\\\/www.ci-romero.de\\\/es\\\/ddhh-honduras-cdm\\\/\"},\"wordCount\":1978,\"commentCount\":0,\"image\":{\"@id\":\"https:\\\/\\\/www.ci-romero.de\\\/es\\\/ddhh-honduras-cdm\\\/#primaryimage\"},\"thumbnailUrl\":\"https:\\\/\\\/www.ci-romero.de\\\/es\\\/wp-content\\\/uploads\\\/2021\\\/05\\\/Rapcos_Nuevo-002-1.jpg\",\"keywords\":[\"Partner*innen Honduras\"],\"articleSection\":[\"#Derechos Humanos\",\"#Honduras\"],\"inLanguage\":\"es\",\"potentialAction\":[{\"@type\":\"CommentAction\",\"name\":\"Comment\",\"target\":[\"https:\\\/\\\/www.ci-romero.de\\\/es\\\/ddhh-honduras-cdm\\\/#respond\"]}]},{\"@type\":\"WebPage\",\"@id\":\"https:\\\/\\\/www.ci-romero.de\\\/es\\\/ddhh-honduras-cdm\\\/\",\"url\":\"https:\\\/\\\/www.ci-romero.de\\\/es\\\/ddhh-honduras-cdm\\\/\",\"name\":\"Fortalecimiento de los derechos humanos en Honduras. \u00a1Promover la sociedad civil! - Christliche Initiative Romero e.V. (CIR)\",\"isPartOf\":{\"@id\":\"https:\\\/\\\/www.ci-romero.de\\\/es\\\/#website\"},\"primaryImageOfPage\":{\"@id\":\"https:\\\/\\\/www.ci-romero.de\\\/es\\\/ddhh-honduras-cdm\\\/#primaryimage\"},\"image\":{\"@id\":\"https:\\\/\\\/www.ci-romero.de\\\/es\\\/ddhh-honduras-cdm\\\/#primaryimage\"},\"thumbnailUrl\":\"https:\\\/\\\/www.ci-romero.de\\\/es\\\/wp-content\\\/uploads\\\/2021\\\/05\\\/Rapcos_Nuevo-002-1.jpg\",\"datePublished\":\"2021-05-11T10:54:02+00:00\",\"dateModified\":\"2021-05-11T11:52:30+00:00\",\"author\":{\"@id\":\"https:\\\/\\\/www.ci-romero.de\\\/es\\\/#\\\/schema\\\/person\\\/452b484dad935df417598b9eeba91039\"},\"description\":\"El Centro de Mujeres CDM apoya la sociedad civil de Honduras para realizar la libertad de prensa y expresi\u00f3n.\",\"breadcrumb\":{\"@id\":\"https:\\\/\\\/www.ci-romero.de\\\/es\\\/ddhh-honduras-cdm\\\/#breadcrumb\"},\"inLanguage\":\"es\",\"potentialAction\":[{\"@type\":\"ReadAction\",\"target\":[\"https:\\\/\\\/www.ci-romero.de\\\/es\\\/ddhh-honduras-cdm\\\/\"]}]},{\"@type\":\"ImageObject\",\"inLanguage\":\"es\",\"@id\":\"https:\\\/\\\/www.ci-romero.de\\\/es\\\/ddhh-honduras-cdm\\\/#primaryimage\",\"url\":\"https:\\\/\\\/www.ci-romero.de\\\/es\\\/wp-content\\\/uploads\\\/2021\\\/05\\\/Rapcos_Nuevo-002-1.jpg\",\"contentUrl\":\"https:\\\/\\\/www.ci-romero.de\\\/es\\\/wp-content\\\/uploads\\\/2021\\\/05\\\/Rapcos_Nuevo-002-1.jpg\",\"width\":350,\"height\":415},{\"@type\":\"BreadcrumbList\",\"@id\":\"https:\\\/\\\/www.ci-romero.de\\\/es\\\/ddhh-honduras-cdm\\\/#breadcrumb\",\"itemListElement\":[{\"@type\":\"ListItem\",\"position\":1,\"name\":\"Home\",\"item\":\"https:\\\/\\\/www.ci-romero.de\\\/es\\\/\"},{\"@type\":\"ListItem\",\"position\":2,\"name\":\"Fortalecimiento de los derechos humanos en Honduras. \u00a1Promover la sociedad civil!\"}]},{\"@type\":\"WebSite\",\"@id\":\"https:\\\/\\\/www.ci-romero.de\\\/es\\\/#website\",\"url\":\"https:\\\/\\\/www.ci-romero.de\\\/es\\\/\",\"name\":\"Christliche Initiative Romero e.V. (CIR)\",\"description\":\"Eine Stimme f\u00fcr mehr Gerechtigkeit\",\"potentialAction\":[{\"@type\":\"SearchAction\",\"target\":{\"@type\":\"EntryPoint\",\"urlTemplate\":\"https:\\\/\\\/www.ci-romero.de\\\/es\\\/?s={search_term_string}\"},\"query-input\":{\"@type\":\"PropertyValueSpecification\",\"valueRequired\":true,\"valueName\":\"search_term_string\"}}],\"inLanguage\":\"es\"},{\"@type\":\"Person\",\"@id\":\"https:\\\/\\\/www.ci-romero.de\\\/es\\\/#\\\/schema\\\/person\\\/452b484dad935df417598b9eeba91039\",\"name\":\"Miriam Instenberg\"}]}<\/script>\n<!-- \/ Yoast SEO plugin. -->","yoast_head_json":{"title":"Fortalecimiento de los derechos humanos en Honduras. \u00a1Promover la sociedad civil! - Christliche Initiative Romero e.V. (CIR)","description":"El Centro de Mujeres CDM apoya la sociedad civil de Honduras para realizar la libertad de prensa y expresi\u00f3n.","robots":{"index":"index","follow":"follow","max-snippet":"max-snippet:-1","max-image-preview":"max-image-preview:large","max-video-preview":"max-video-preview:-1"},"canonical":"https:\/\/www.ci-romero.de\/es\/ddhh-honduras-cdm\/","og_locale":"es_ES","og_type":"article","og_title":"Fortalecimiento de los derechos humanos en Honduras. \u00a1Promover la sociedad civil! - Christliche Initiative Romero e.V. (CIR)","og_description":"El Centro de Mujeres CDM apoya la sociedad civil de Honduras para realizar la libertad de prensa y expresi\u00f3n.","og_url":"https:\/\/www.ci-romero.de\/es\/ddhh-honduras-cdm\/","og_site_name":"Christliche Initiative Romero e.V. (CIR)","article_published_time":"2021-05-11T10:54:02+00:00","article_modified_time":"2021-05-11T11:52:30+00:00","og_image":[{"width":350,"height":415,"url":"https:\/\/www.ci-romero.de\/es\/wp-content\/uploads\/2021\/05\/Rapcos_Nuevo-002-1.jpg","type":"image\/jpeg"}],"author":"Miriam Instenberg","twitter_card":"summary_large_image","twitter_misc":{"Escrito por":"Miriam Instenberg","Tiempo de lectura":"4 minutos"},"schema":{"@context":"https:\/\/schema.org","@graph":[{"@type":"Article","@id":"https:\/\/www.ci-romero.de\/es\/ddhh-honduras-cdm\/#article","isPartOf":{"@id":"https:\/\/www.ci-romero.de\/es\/ddhh-honduras-cdm\/"},"author":{"name":"Miriam Instenberg","@id":"https:\/\/www.ci-romero.de\/es\/#\/schema\/person\/452b484dad935df417598b9eeba91039"},"headline":"Fortalecimiento de los derechos humanos en Honduras. \u00a1Promover la sociedad civil!","datePublished":"2021-05-11T10:54:02+00:00","dateModified":"2021-05-11T11:52:30+00:00","mainEntityOfPage":{"@id":"https:\/\/www.ci-romero.de\/es\/ddhh-honduras-cdm\/"},"wordCount":1978,"commentCount":0,"image":{"@id":"https:\/\/www.ci-romero.de\/es\/ddhh-honduras-cdm\/#primaryimage"},"thumbnailUrl":"https:\/\/www.ci-romero.de\/es\/wp-content\/uploads\/2021\/05\/Rapcos_Nuevo-002-1.jpg","keywords":["Partner*innen Honduras"],"articleSection":["#Derechos Humanos","#Honduras"],"inLanguage":"es","potentialAction":[{"@type":"CommentAction","name":"Comment","target":["https:\/\/www.ci-romero.de\/es\/ddhh-honduras-cdm\/#respond"]}]},{"@type":"WebPage","@id":"https:\/\/www.ci-romero.de\/es\/ddhh-honduras-cdm\/","url":"https:\/\/www.ci-romero.de\/es\/ddhh-honduras-cdm\/","name":"Fortalecimiento de los derechos humanos en Honduras. \u00a1Promover la sociedad civil! - Christliche Initiative Romero e.V. (CIR)","isPartOf":{"@id":"https:\/\/www.ci-romero.de\/es\/#website"},"primaryImageOfPage":{"@id":"https:\/\/www.ci-romero.de\/es\/ddhh-honduras-cdm\/#primaryimage"},"image":{"@id":"https:\/\/www.ci-romero.de\/es\/ddhh-honduras-cdm\/#primaryimage"},"thumbnailUrl":"https:\/\/www.ci-romero.de\/es\/wp-content\/uploads\/2021\/05\/Rapcos_Nuevo-002-1.jpg","datePublished":"2021-05-11T10:54:02+00:00","dateModified":"2021-05-11T11:52:30+00:00","author":{"@id":"https:\/\/www.ci-romero.de\/es\/#\/schema\/person\/452b484dad935df417598b9eeba91039"},"description":"El Centro de Mujeres CDM apoya la sociedad civil de Honduras para realizar la libertad de prensa y expresi\u00f3n.","breadcrumb":{"@id":"https:\/\/www.ci-romero.de\/es\/ddhh-honduras-cdm\/#breadcrumb"},"inLanguage":"es","potentialAction":[{"@type":"ReadAction","target":["https:\/\/www.ci-romero.de\/es\/ddhh-honduras-cdm\/"]}]},{"@type":"ImageObject","inLanguage":"es","@id":"https:\/\/www.ci-romero.de\/es\/ddhh-honduras-cdm\/#primaryimage","url":"https:\/\/www.ci-romero.de\/es\/wp-content\/uploads\/2021\/05\/Rapcos_Nuevo-002-1.jpg","contentUrl":"https:\/\/www.ci-romero.de\/es\/wp-content\/uploads\/2021\/05\/Rapcos_Nuevo-002-1.jpg","width":350,"height":415},{"@type":"BreadcrumbList","@id":"https:\/\/www.ci-romero.de\/es\/ddhh-honduras-cdm\/#breadcrumb","itemListElement":[{"@type":"ListItem","position":1,"name":"Home","item":"https:\/\/www.ci-romero.de\/es\/"},{"@type":"ListItem","position":2,"name":"Fortalecimiento de los derechos humanos en Honduras. \u00a1Promover la sociedad civil!"}]},{"@type":"WebSite","@id":"https:\/\/www.ci-romero.de\/es\/#website","url":"https:\/\/www.ci-romero.de\/es\/","name":"Christliche Initiative Romero e.V. (CIR)","description":"Eine Stimme f\u00fcr mehr Gerechtigkeit","potentialAction":[{"@type":"SearchAction","target":{"@type":"EntryPoint","urlTemplate":"https:\/\/www.ci-romero.de\/es\/?s={search_term_string}"},"query-input":{"@type":"PropertyValueSpecification","valueRequired":true,"valueName":"search_term_string"}}],"inLanguage":"es"},{"@type":"Person","@id":"https:\/\/www.ci-romero.de\/es\/#\/schema\/person\/452b484dad935df417598b9eeba91039","name":"Miriam Instenberg"}]}},"_links":{"self":[{"href":"https:\/\/www.ci-romero.de\/es\/wp-json\/wp\/v2\/posts\/12857","targetHints":{"allow":["GET"]}}],"collection":[{"href":"https:\/\/www.ci-romero.de\/es\/wp-json\/wp\/v2\/posts"}],"about":[{"href":"https:\/\/www.ci-romero.de\/es\/wp-json\/wp\/v2\/types\/post"}],"author":[{"embeddable":true,"href":"https:\/\/www.ci-romero.de\/es\/wp-json\/wp\/v2\/users\/121"}],"replies":[{"embeddable":true,"href":"https:\/\/www.ci-romero.de\/es\/wp-json\/wp\/v2\/comments?post=12857"}],"version-history":[{"count":5,"href":"https:\/\/www.ci-romero.de\/es\/wp-json\/wp\/v2\/posts\/12857\/revisions"}],"predecessor-version":[{"id":12872,"href":"https:\/\/www.ci-romero.de\/es\/wp-json\/wp\/v2\/posts\/12857\/revisions\/12872"}],"wp:featuredmedia":[{"embeddable":true,"href":"https:\/\/www.ci-romero.de\/es\/wp-json\/wp\/v2\/media\/12859"}],"wp:attachment":[{"href":"https:\/\/www.ci-romero.de\/es\/wp-json\/wp\/v2\/media?parent=12857"}],"wp:term":[{"taxonomy":"category","embeddable":true,"href":"https:\/\/www.ci-romero.de\/es\/wp-json\/wp\/v2\/categories?post=12857"},{"taxonomy":"post_tag","embeddable":true,"href":"https:\/\/www.ci-romero.de\/es\/wp-json\/wp\/v2\/tags?post=12857"}],"curies":[{"name":"wp","href":"https:\/\/api.w.org\/{rel}","templated":true}]}}